{"id":11463,"date":"2021-11-08T11:07:47","date_gmt":"2021-11-08T11:07:47","guid":{"rendered":"https:\/\/startupmadeira.eu\/?p=11463"},"modified":"2021-11-16T22:44:05","modified_gmt":"2021-11-16T22:44:05","slug":"convite-madeira-startup-retreat-demo-day-4","status":"publish","type":"post","link":"https:\/\/startupmadeira.eu\/en\/2021\/11\/08\/convite-madeira-startup-retreat-demo-day-4\/","title":{"rendered":"Convite: Madeira Startup Retreat > Demo Day"},"content":{"rendered":"<h2>Convite:<\/h2>\n<h3>Madeira Startup Retreat &gt; Demo Day<\/h3>\n<h4 class=\"sub-title\">17 de novembro&gt; Museu da Casa da Luz, das 14h15 \u00e0s 18h00<\/h4>\n<p><strong><span style=\"color: #003366;\">[INSCRI\u00c7\u00d5ES ENCERRADAS - Evento limitado a 100 participantes]<\/span><\/strong><\/p>\n<p>A <strong>Startup Madeira<\/strong>, o <strong>Turismo de Portugal<\/strong> e a <strong>NOVA School of Business and Economics<\/strong> realizam no dia 17 de novembro de 2021 a sess\u00e3o de encerramento da 4\u00aa edi\u00e7\u00e3o do <strong>Madeira Startup Retreat<\/strong>, no audit\u00f3rio do Museu da Casa da Luz - Funchal.<\/p>\n<p>Este Demo Day \u00e9 um momento de celebra\u00e7\u00e3o onde as startups nacionais e internacionais* ir\u00e3o partilhar as suas ideias com investidores, parceiros, grupos hoteleiros, aeroporto, portos, empresas de transportes e de anima\u00e7\u00e3o tur\u00edstica, etc.<\/p>\n<p>Para esta iniciativa est\u00e3o tamb\u00e9m confirmadas as presen\u00e7as de <a href=\"https:\/\/www.linkedin.com\/in\/joaopfreitas\/\" rel=\"noopener\">Jo\u00e3o Freitas<\/a> (<a href=\"https:\/\/hostpms.com\/\" rel=\"noopener\">HOST Hotel Systems<\/a>), <a href=\"https:\/\/www.linkedin.com\/in\/katewolfenden\/\" rel=\"noopener\">Kate Wolfenden<\/a> (<a href=\"https:\/\/www.103.ventures\/\" rel=\"noopener\">103 Ventures<\/a>), <a href=\"https:\/\/www.linkedin.com\/in\/henrique-tiago-de-castro-61b78551\/\" rel=\"noopener\">Henrique Tiago de Castro<\/a> (<a href=\"https:\/\/pt.mamashelter.com\/\" rel=\"noopener\">MAMA Shelter<\/a>) que ir\u00e3o explorar temas relacionados com startups, inova\u00e7\u00e3o, tecnologias e sustentabilidade, sempre associado com as tend\u00eancias nas \u00e1reas do turismo e lazer.<\/p>\n<p>A sess\u00e3o contar\u00e1 ainda com a presen\u00e7a de <a href=\"https:\/\/www.madeira.gov.pt\/presidencia\/GovernoRegional\/OGoverno\/Structure\/Equipa\" rel=\"noopener\">Miguel Albuquerque<\/a> (<a href=\"https:\/\/www.madeira.gov.pt\/presidencia\/\" rel=\"noopener\">Governo Regional da Madeira<\/a>), <a href=\"https:\/\/www.linkedin.com\/in\/sergioguerreiro74\/\" target=\"_blank\" rel=\"noopener noreferrer\">S\u00e9rgio Guerreiro<\/a> (<a href=\"http:\/\/www.turismodeportugal.pt\/pt\/Paginas\/homepage.aspx\" target=\"_blank\" rel=\"noopener noreferrer\">Turismo de Portugal<\/a>), <a href=\"https:\/\/www.linkedin.com\/in\/antonio-nabais-de-carvalho-8a3434\/\" target=\"_blank\" rel=\"noopener noreferrer\">Ant\u00f3nio Nabais de Carvalho<\/a> (<a href=\"https:\/\/www2.novasbe.unl.pt\/pt\/\" target=\"_blank\" rel=\"noopener noreferrer\">NOVA SBE<\/a>) e <a href=\"https:\/\/www.linkedin.com\/in\/carlossoareslopes\/\" target=\"_blank\" rel=\"noopener noreferrer\">Carlos Soares Lopes<\/a> (<a href=\"https:\/\/startupmadeira.eu\/pt\/\" target=\"_blank\" rel=\"noopener noreferrer\">Startup Madeira<\/a>).<\/p>\n<h2>Programa:<\/h2>\n<p><b>14h15<\/b> <span style=\"color: #ff0000;\">&gt;<\/span> Welcome @ Museu Casa da Luz<br \/>\n<b>14h20 <\/b><span style=\"color: #ff0000;\">&gt;<\/span> The 4th Edition <span style=\"color: #808080;\">[by Startup Madeira]: Overview<\/span><br \/>\n<b>14h25<\/b> <span style=\"color: #ff0000;\">&gt;<\/span> Portugal: Tourism Strategy in a Disrupting World<br \/>\n<span style=\"color: #808080;\">\u00a0 \u00a0 \u00a0 \u00a0 \u00a0 \u00a0S\u00e9rgio Guerreiro - Senior Director, Knowledge Management &amp; Innovation at Turismo de Portugal<\/span><br \/>\n<b>14h45<\/b> <span style=\"color: #ff0000;\">&gt;<\/span> Our startups*<br \/>\n<span style=\"color: #ff0000;\">\u00a0 \u00a0 \u00a0 \u00a0 \u00a0 \u00a0<\/span>Boser <span style=\"color: #808080;\">(Portugal)<\/span><br \/>\n<span style=\"color: #ff0000;\">\u00a0 \u00a0 \u00a0 \u00a0 \u00a0 \u00a0<\/span>CoworktIntel <span style=\"color: #808080;\">(Spain)<\/span><br \/>\n<span style=\"color: #ff0000;\">\u00a0 \u00a0 \u00a0 \u00a0 \u00a0 \u00a0<\/span>Globe4all <span style=\"color: #808080;\">(Russia)<\/span><br \/>\n<span style=\"color: #ff0000;\">\u00a0 \u00a0 \u00a0 \u00a0 \u00a0 \u00a0<\/span>Nomad Stays <span style=\"color: #808080;\">(France)<\/span><br \/>\n<span style=\"color: #ff0000;\">\u00a0 \u00a0 \u00a0 \u00a0 \u00a0 \u00a0<\/span>RemoteCamp <span style=\"color: #808080;\">(Russia)<\/span><br \/>\n<span style=\"color: #ff0000;\">\u00a0 \u00a0 \u00a0 \u00a0 \u00a0 \u00a0<\/span>RouteRavel <span style=\"color: #808080;\">(Estonia)<\/span><br \/>\n<span style=\"color: #ff0000;\">\u00a0 \u00a0 \u00a0 \u00a0 \u00a0 \u00a0<\/span>Table4one (<span style=\"color: #808080;\">Ireland)<\/span><br \/>\n<span style=\"color: #ff0000;\">\u00a0 \u00a0 \u00a0 \u00a0 \u00a0 \u00a0<\/span>Travel Buddy INC. <span style=\"color: #808080;\">(USA)<\/span><br \/>\n<span style=\"color: #ff0000;\">\u00a0 \u00a0 \u00a0 \u00a0 \u00a0 \u00a0<\/span>Travel Class <span style=\"color: #808080;\">(Russia)<\/span><br \/>\n<span style=\"color: #ff0000;\">\u00a0 \u00a0 \u00a0 \u00a0 \u00a0 \u00a0<\/span>Tryp . com <span style=\"color: #808080;\">(Denmark)<\/span><br \/>\n<b>15h40<\/b>\u00a0<span style=\"color: #ff0000;\">&gt;<\/span> Madeira Living HUB!<br \/>\n<span style=\"color: #808080;\">\u00a0 \u00a0 \u00a0 \u00a0 \u00a0 \u00a0Miguel Albuquerque \u2013 President of the Regional Government of Madeira<\/span><br \/>\n<span style=\"color: #808080;\"><b>16h00<\/b> &gt; Coffee-Break<\/span><br \/>\n<b>16h20 <\/b><span style=\"color: #ff0000;\">&gt;<\/span> Improving Business, Growth, and Marketing Strategies!<br \/>\n<span style=\"color: #808080;\">\u00a0 \u00a0 \u00a0 \u00a0 \u00a0 Jo\u00e3o Freitas - Director of Growth &amp; Partnerships at Host Hotel Systems<\/span><br \/>\n<b>16h35<\/b>\u00a0<span style=\"color: #ff0000;\">&gt;<\/span> Sustainable Solutions with Digital Bridges<br \/>\n<span style=\"color: #808080;\">\u00a0 \u00a0 \u00a0 \u00a0 \u00a0 Kate Wolfenden \u2013 Co-Founder 103 Ventures<\/span><br \/>\n<b>16h50 <\/b><span style=\"color: #ff0000;\">&gt;<\/span> Irreverent Hotels VS Classic Hotels<br \/>\n<span style=\"color: #808080;\">\u00a0 \u00a0 \u00a0 \u00a0 \u00a0 Henrique Tiago de Castro \u2013 General Manager at MAMA Shelter<\/span><br \/>\n<b>17h05<\/b>\u00a0<span style=\"color: #ff0000;\">&gt;<\/span> Future Innovation Challenges<br \/>\n<span style=\"color: #808080;\">\u00a0 \u00a0 \u00a0 \u00a0 \u00a0 Ant\u00f3nio Nabais de Carvalho \u2013 Coordinator at Haddad Entrepreneurship Institute<\/span><br \/>\n<b>17h20 <\/b><span style=\"color: #ff0000;\">&gt;<\/span> Ecosystem Development \u2013 From Madeira to the World!<br \/>\n<span style=\"color: #808080;\">\u00a0 \u00a0 \u00a0 \u00a0 \u00a0 Carlos Soares Lopes - CEO at Startup Madeira<\/span><br \/>\n<b>18h00<\/b> - <b>18h30<\/b> <span style=\"color: #ff0000;\">&gt;<\/span> Networking Session<\/p>\n<p style=\"text-align: right;\"><a href=\"https:\/\/startupmadeira.eu\/wp-content\/uploads\/2020\/02\/200212_Demo_Day_2020.pdf\"><span style=\"font-family: verdana, geneva, sans-serif; font-size: 10pt;\"><span style=\"color: #0099ab;\">[<\/span><\/span><\/a><a href=\"https:\/\/startupmadeira.eu\/wp-content\/uploads\/2021\/11\/211112_DemoDay_MSR_4aEdicao_2021.pdf\"><span style=\"font-family: verdana, geneva, sans-serif; font-size: 10pt;\"><span style=\"color: #0099ab;\">Abrir e imprimir programa em pdf<\/span><\/span><\/a><a href=\"https:\/\/startupmadeira.eu\/wp-content\/uploads\/2020\/02\/200204_Demo_Day_2020.pdf\"><span style=\"font-family: verdana, geneva, sans-serif; font-size: 10pt;\"><span style=\"color: #0099ab;\">]<\/span><\/span><\/a><\/p>\n<p>*Pelo quarto ano consecutivo, o programa de acelera\u00e7\u00e3o Madeira Startup Retreat, re\u00fane startups relacionadas com viagens, turismo e lazer.Apoiado pelo Turismo de Portugal e desenvolvido pela Startup Madeira, em parceria com a NOVA SBE, esta 4\u00aa edi\u00e7\u00e3o est\u00e1 a acontecer, presencialmente, entre 6 de outubro a 19 de novembro, 2021, na Madeira. Durante 6 semanas intensivas, as startups participantes est\u00e3o a ter a oportunidade de trabalhar, partilhar conhecimentos e experi\u00eancias, analisar o seu pr\u00f3prio neg\u00f3cio e estabelecer objetivos, acompanhados por mentores especializados. Um dos objetivos deste programa \u00e9 que os empreendedores possam tamb\u00e9m aproveitar o ecossistema da Madeira, enquanto laborat\u00f3rio-vivo, para testar e escalar os seus produtos e servi\u00e7os, e explorar novos nichos de mercado, nesta que \u00e9 galardoada como a \u2018World\u2019s Leading Island Destination\u2019. Desde 2018, o Madeira Startup Retreat j\u00e1 recebeu 29 startups internacionais, de 18 pa\u00edses, 92 empreendedores, representando 26 nacionalidades, e mais de 50 mentores.<\/p>\n<p><strong><span style=\"color: #003366;\">[INSCRI\u00c7\u00d5ES ENCERRADAS - Evento limitado a 100 participantes]<\/span><\/strong><\/p>\n<p><img loading=\"lazy\" decoding=\"async\" class=\"size-full wp-image-11484 aligncenter\" src=\"https:\/\/startupmadeira.eu\/wp-content\/uploads\/2021\/11\/211108_Demo_Day_4th_Edition.png\" alt=\"\" width=\"800\" height=\"799\" srcset=\"https:\/\/startupmadeira.eu\/wp-content\/uploads\/2021\/11\/211108_Demo_Day_4th_Edition.png 800w, https:\/\/startupmadeira.eu\/wp-content\/uploads\/2021\/11\/211108_Demo_Day_4th_Edition-300x300.png 300w, https:\/\/startupmadeira.eu\/wp-content\/uploads\/2021\/11\/211108_Demo_Day_4th_Edition-140x140.png 140w, https:\/\/startupmadeira.eu\/wp-content\/uploads\/2021\/11\/211108_Demo_Day_4th_Edition-768x767.png 768w\" sizes=\"auto, (max-width: 800px) 100vw, 800px\" \/><\/p>\n<p><strong>Madeira Startup Retreat<\/strong><br \/>\n<strong>Tourism<\/strong> &amp; <strong>Travel<\/strong> Startups<\/p>\n<p>w. <a href=\"http:\/\/retreat.startupmadeira.eu\/\">retreat.startupmadeira.eu<\/a><br \/>\nf.\u00a0 <a href=\"https:\/\/www.facebook.com\/madeirastartupretreat\/notifications\/\" rel=\"noopener\">@madeirastartupretreat<\/a><br \/>\ni.\u00a0 <a href=\"https:\/\/www.instagram.com\/madeirastartupretreat\/?hl=en\" rel=\"noopener\">@madeirastartupretreat<\/a><br \/>\nt.\u00a0 <a href=\"https:\/\/twitter.com\/MadeiraRetreat\" rel=\"noopener\">@madeiraretreat<\/a><\/p>\n","protected":false},"excerpt":{"rendered":"<p>Convite: Madeira Startup Retreat &gt; Demo Day 17 de novembro&gt; Museu da Casa da Luz, das 14h15 \u00e0s 18h00 [INSCRI\u00c7\u00d5ES ENCERRADAS - Evento limitado a 100 participantes] A Startup Madeira, o Turismo de Portugal e a NOVA School of Business and Economics realizam no dia 17 de novembro de 2021 a sess\u00e3o de encerramento da [&hellip;]<\/p>\n","protected":false},"author":1,"featured_media":11492,"comment_status":"closed","ping_status":"open","sticky":false,"template":"","format":"standard","meta":{"_acf_changed":false,"footnotes":""},"categories":[1],"tags":[],"class_list":["post-11463","post","type-post","status-publish","format-standard","has-post-thumbnail","hentry","category-sem-categoria"],"acf":[],"_links":{"self":[{"href":"https:\/\/startupmadeira.eu\/en\/wp-json\/wp\/v2\/posts\/11463","targetHints":{"allow":["GET"]}}],"collection":[{"href":"https:\/\/startupmadeira.eu\/en\/wp-json\/wp\/v2\/posts"}],"about":[{"href":"https:\/\/startupmadeira.eu\/en\/wp-json\/wp\/v2\/types\/post"}],"author":[{"embeddable":true,"href":"https:\/\/startupmadeira.eu\/en\/wp-json\/wp\/v2\/users\/1"}],"replies":[{"embeddable":true,"href":"https:\/\/startupmadeira.eu\/en\/wp-json\/wp\/v2\/comments?post=11463"}],"version-history":[{"count":5,"href":"https:\/\/startupmadeira.eu\/en\/wp-json\/wp\/v2\/posts\/11463\/revisions"}],"predecessor-version":[{"id":11511,"href":"https:\/\/startupmadeira.eu\/en\/wp-json\/wp\/v2\/posts\/11463\/revisions\/11511"}],"wp:featuredmedia":[{"embeddable":true,"href":"https:\/\/startupmadeira.eu\/en\/wp-json\/wp\/v2\/media\/11492"}],"wp:attachment":[{"href":"https:\/\/startupmadeira.eu\/en\/wp-json\/wp\/v2\/media?parent=11463"}],"wp:term":[{"taxonomy":"category","embeddable":true,"href":"https:\/\/startupmadeira.eu\/en\/wp-json\/wp\/v2\/categories?post=11463"},{"taxonomy":"post_tag","embeddable":true,"href":"https:\/\/startupmadeira.eu\/en\/wp-json\/wp\/v2\/tags?post=11463"}],"curies":[{"name":"wp","href":"https:\/\/api.w.org\/{rel}","templated":true}]}}